{"id":267,"date":"2022-04-29T12:46:00","date_gmt":"2022-04-29T12:46:00","guid":{"rendered":"https:\/\/nuklear-spraenger.ch\/start\/?p=267"},"modified":"2026-01-15T13:29:34","modified_gmt":"2026-01-15T13:29:34","slug":"aera-foerri-endet","status":"publish","type":"post","link":"https:\/\/nuklear-spraenger.ch\/start\/index.php\/2022\/04\/29\/aera-foerri-endet\/","title":{"rendered":"\u00c4ra F\u00f6rri endet"},"content":{"rendered":"\n<p>Nach \u00fcber zwei Jahren Pause trafen sich 32 Mitglieder der Nuklear-Spr\u00e4nger im April 2022 zur Hauptversammlung. Im Restaurant Steiniger Tisch f\u00fchrte uns unser Pr\u00e4si F\u00f6rri ein letztes Mal durch den Abend. Zehn Jahre lang hat unser Ananas- und Bananenliebhaber seine Schaffenskraft voll und ganz f\u00fcr unseren Verein aufgewendet. So konnte sich unser Verein in der \u00abF\u00f6rri-Dekade\u00bb pr\u00e4chtig weiterentwickeln. Ein herzliches Dankesch\u00f6n geb\u00fchrt unserem b\u00e4rtigen Pr\u00e4sidenten f\u00fcr diese grossartige Leistung.Neu wird unser wilder Haufen von Gabriela Fahrni pr\u00e4sidiert, welche ohne Gegenstimme zur neuen Pr\u00e4sidentin gew\u00e4hlt wurde. Wir bedanken uns bei Gabi und w\u00fcnschen ihr bei der Aus\u00fcbung des H\u00e4uptlingsamtes alles Gute.<\/p>\n\n\n\n<p>Auch im Vereinsvorstand kam es zu tiefgreifenden Ver\u00e4nderungen: Die Mitglieder stimmten der vom Vorstand vorgeschlagenen Verkleinerung des Vorstandes von sieben auf f\u00fcnf Personen zu, zudem gab es im Vorstand drei R\u00fccktritte zu verzeichnen. Lara Kamara, Sandra Leimbacher und Reto Latzer traten von ihren Vorstands\u00e4mtern zur\u00fcck, Peter Sonderegger wurde als neuer Kassier gew\u00e4hlt, Leandra Sonderegger als neue Aktuarin.<\/p>\n\n\n\n<p>Nebst diversen Traktanden gab es auch Ehrungen zu verzeichnen. Gleich vier Mitglieder haben die magische Grenze von 15 Jahren Mitgliedschaft \u00fcberschritten \u2013 ein Zeichen daf\u00fcr, dass unsere Familienbande \u00fcber die Jahre noch viel enger geworden sind.<\/p>\n\n\n\n<p>Nebst der besonders erfreulichen Tatsache, dass trotz zweij\u00e4hriger Coronapause nur ein R\u00fccktritt verzeichnet werden musste, konnten drei Neumitglieder in den Verein aufgenommen werden. Zudem steht die n\u00e4chste Generation bereits in den Startl\u00f6chern \u2013 f\u00fcr die kommende Saison haben sich bereits mehrere potenzielle Neumitglieder gemeldet. Hast auch du Interesse, einer von uns zu werden? Dann nimm mit uns Kontakt auf \u2013 wir freuen uns auf dich.<\/p>\n\n\n\n<p>Wir haben zudem eine wichtige Vorank\u00fcndigung zu machen:<br>Am <strong>11. Februar 2023<\/strong> wird die Mehrzweckhalle B\u00fctzel in Staad nach der legend\u00e4ren Ausgabe des \u00abBirthday-Bash\u00bb im Jahre 2019 wieder zum Epizentrum einer grossen Fasnachtsparty. Streicht euch dieses Datum bereits Fett in der Agenda an \u2013 wer 2019 dabei war weiss, dass man das nicht verpassen darf.<\/p>\n\n\n\n<p>Zu guter Letzt: Wir freuen uns riesig auf die Saison 2022 \/ 2023. Nach zwei Jahren im Winterschlaf ist es an der Zeit, unsere Reaktoren wieder auf Maximalleistung hochzufahren. Wir werden unser Bestes geben, um euch mit unseren Auftritten zu begeistern.<\/p>\n\n\n\n<p>Eure Nuklear-Spr\u00e4nger Thal.<\/p>\n","protected":false},"excerpt":{"rendered":"<p>Nach \u00fcber zwei Jahren Pause trafen sich 32 Mitglieder der Nuklear-Spr\u00e4nger im April 2022 zur Hauptversammlung. Im Restaurant Steiniger Tisch f\u00fchrte uns unser Pr\u00e4si F\u00f6rri ein letztes Mal durch den Abend. Zehn Jahre lang hat unser Ananas- und Bananenliebhaber seine Schaffenskraft voll und ganz f\u00fcr unseren Verein aufgewendet. So konnte sich unser Verein in der [&hellip;]<\/p>\n","protected":false},"author":1,"featured_media":416,"comment_status":"closed","ping_status":"open","sticky":false,"template":"","format":"standard","meta":{"saved_in_kubio":false,"footnotes":""},"categories":[1],"tags":[],"class_list":["post-267","post","type-post","status-publish","format-standard","has-post-thumbnail","hentry","category-uncategorized"],"_links":{"self":[{"href":"https:\/\/nuklear-spraenger.ch\/start\/index.php\/wp-json\/wp\/v2\/posts\/267","targetHints":{"allow":["GET"]}}],"collection":[{"href":"https:\/\/nuklear-spraenger.ch\/start\/index.php\/wp-json\/wp\/v2\/posts"}],"about":[{"href":"https:\/\/nuklear-spraenger.ch\/start\/index.php\/wp-json\/wp\/v2\/types\/post"}],"author":[{"embeddable":true,"href":"https:\/\/nuklear-spraenger.ch\/start\/index.php\/wp-json\/wp\/v2\/users\/1"}],"replies":[{"embeddable":true,"href":"https:\/\/nuklear-spraenger.ch\/start\/index.php\/wp-json\/wp\/v2\/comments?post=267"}],"version-history":[{"count":1,"href":"https:\/\/nuklear-spraenger.ch\/start\/index.php\/wp-json\/wp\/v2\/posts\/267\/revisions"}],"predecessor-version":[{"id":268,"href":"https:\/\/nuklear-spraenger.ch\/start\/index.php\/wp-json\/wp\/v2\/posts\/267\/revisions\/268"}],"wp:featuredmedia":[{"embeddable":true,"href":"https:\/\/nuklear-spraenger.ch\/start\/index.php\/wp-json\/wp\/v2\/media\/416"}],"wp:attachment":[{"href":"https:\/\/nuklear-spraenger.ch\/start\/index.php\/wp-json\/wp\/v2\/media?parent=267"}],"wp:term":[{"taxonomy":"category","embeddable":true,"href":"https:\/\/nuklear-spraenger.ch\/start\/index.php\/wp-json\/wp\/v2\/categories?post=267"},{"taxonomy":"post_tag","embeddable":true,"href":"https:\/\/nuklear-spraenger.ch\/start\/index.php\/wp-json\/wp\/v2\/tags?post=267"}],"curies":[{"name":"wp","href":"https:\/\/api.w.org\/{rel}","templated":true}]}}